{"id":2597,"date":"2026-03-14T23:21:00","date_gmt":"2026-03-14T22:21:00","guid":{"rendered":"https:\/\/www.kiwidiag.com\/blog\/?p=2597"},"modified":"2026-03-17T02:35:18","modified_gmt":"2026-03-17T01:35:18","slug":"maprimerenov-mode-demploi-de-mars-2026","status":"publish","type":"post","link":"https:\/\/www.kiwidiag.com\/blog\/maprimerenov-mode-demploi-de-mars-2026\/","title":{"rendered":"MaPrimeR\u00e9nov\u2019 : le mode d\u2019emploi de mars 2026 d\u00e9cortiqu\u00e9"},"content":{"rendered":"\n<p>La nouvelle \u00e9dition du \u201c<a href=\"https:\/\/www.anah.gouv.fr\/sites\/default\/files\/2026-03\/202603-MPR-modeEmploi_WEB.pdf\" target=\"_blank\" rel=\"noopener\">Mode d\u2019emploi\u201d MaPrimeR\u00e9nov<\/a>\u2019 a \u00e9t\u00e9 publi\u00e9e le 11 mars 2026. Elle a un objectif tr\u00e8s concret : aider les particuliers \u00e0 comprendre rapidement \u00e0 quelles aides ils peuvent pr\u00e9tendre, selon leur situation (propri\u00e9taire occupant, bailleur, copropri\u00e9taire), leurs revenus et le type de travaux envisag\u00e9s.&nbsp;<\/p>\n\n\n\n<p>Pour un propri\u00e9taire, l\u2019enjeu d\u00e9passe la seule \u201cprime\u201d : une bonne r\u00e9novation \u00e9nerg\u00e9tique, c\u2019est du confort (moins froid en hiver, moins chaud en \u00e9t\u00e9), des factures qui baissent, une valeur patrimoniale mieux prot\u00e9g\u00e9e et pour les bailleurs l\u2019anticipation du calendrier d&rsquo;interdiction de location de passoires thermiques.<\/p>\n\n\n\n<p>On a analys\u00e9 ce  mode d&#8217;emploi mis \u00e0 jour et on vous r\u00e9sume les les points les plus importants.<\/p>\n\n\n\n<div class=\"inherit-container-width wp-container-1 wp-block-group alignfull has-border-color has-ast-global-color-0-border-color\" style=\"border-radius:15px;border-style:solid;border-width:2px;padding-top:20px;padding-right:20px;padding-bottom:20px;padding-left:20px\"><div class=\"wp-block-group__inner-container\">\n<p class=\"has-text-align-center\"><strong>\ud83e\udd5d<\/strong> <strong>R\u00e9servez un Accompagnateur Renov&rsquo; (MAR) en 1 minute<\/strong><\/p>\n\n\n\n<p>Sur <a href=\"https:\/\/www.kiwidiag.com\/?utm_source=kiwiblog\">Kiwidiag<\/a> Vous pouvez r\u00e9server en quelques clics un professionnel Mon Accompagnateur Renov&rsquo; agr\u00e9\u00e9 par l&rsquo;Anah pour encadrer votre projet de r\u00e9novation \u00e9nerg\u00e9tique dans le cadre du parcours \u00ab\u00a0accompagn\u00e9\u00a0\u00bb de Ma Prime Renov&rsquo;. Pour cela il vous suffit de rentrer votre ville ou votre code postale dans le champ consacr\u00e9 en haut de page de la <a href=\"http:\/\/kiwidiag.com\/?utm_source=kiwiblog\" target=\"_blank\" rel=\"noopener\">page d&rsquo;accueil<\/a> et de cliquer sur rechercher. Puis de vous laisser guider par le formulaire interactif. <\/p>\n<\/div><\/div>\n\n\n\n<p><\/p>\n\n\n\n<div id=\"toc_container\" class=\"no_bullets\"><p class=\"toc_title\">Sommaire<\/p><ul class=\"toc_list\"><li><a href=\"#Les_changements_du_mode_d8217emploi_MaPrimeRenovrsquo\"><span class=\"toc_number toc_depth_1\">1<\/span> Les changements du mode d&#8217;emploi MaPrimeRenov&rsquo;<\/a><\/li><li><a href=\"#Les_deux_parcours_de_MaPrimeRenovrsquo\"><span class=\"toc_number toc_depth_1\">2<\/span> Les deux parcours de MaPrimeRenov&rsquo;<\/a><\/li><li><a href=\"#Plafonds_de_ressources_et_lecture_rapide_du_bareme\"><span class=\"toc_number toc_depth_1\">3<\/span> Plafonds de ressources et lecture rapide du bar\u00e8me<\/a><\/li><li><a href=\"#Travaux_eligibles_le_mini-guide_maison_ou_appartement_a_connaitre\"><span class=\"toc_number toc_depth_1\">4<\/span> Travaux \u00e9ligibles : le mini-guide \u201cmaison ou appartement\u201d \u00e0 conna\u00eetre<\/a><\/li><li><a href=\"#Diagnostics_et_audits_la_base_technique_avant_de_signer_des_devis\"><span class=\"toc_number toc_depth_1\">5<\/span> Diagnostics et audits : la base technique avant de signer des devis<\/a><\/li><\/ul><\/div>\n<h2><span id=\"Les_changements_du_mode_d8217emploi_MaPrimeRenovrsquo\"><strong>Les changements du mode d&#8217;emploi MaPrimeRenov&rsquo; <\/strong><\/span><\/h2>\n\n\n\n<p>Trois \u00e9volutions ressortent clairement dans cette mise \u00e0 jour. D\u2019abord, les <strong>plafonds de ressources ont \u00e9t\u00e9 r\u00e9actualis\u00e9s<\/strong> (avec une distinction nette entre l\u2019\u00cele-de-France et les autres territoires). Ensuite, certaines cat\u00e9gories de travaux ne sont plus financ\u00e9es dans le parcours \u201cpar geste\u201d, notamment l\u2019isolation des murs et les chaudi\u00e8res biomasse. Enfin, le document ajoute une nouvelle partie tr\u00e8s p\u00e9dagogique sur les travaux \u00e9ligibles \u201cen maison ou en appartement\u201d, avec des explications sur l\u2019int\u00e9r\u00eat de chaque poste et des exemples.&nbsp;<\/p>\n\n\n\n<p>L\u2019id\u00e9e g\u00e9n\u00e9rale est simple : le guide met davantage l\u2019accent sur un parcours s\u00e9curis\u00e9, mieux accompagn\u00e9, et sur une logique de travaux coh\u00e9rents (isoler et ventiler avant d\u2019investir dans un chauffage performant), plut\u00f4t que sur une addition de petits gestes isol\u00e9s.&nbsp;<\/p>\n\n\n\n<h2><span id=\"Les_deux_parcours_de_MaPrimeRenovrsquo\"><strong>Les deux parcours de MaPrimeRenov&rsquo;<\/strong><\/span><\/h2>\n\n\n\n<p>MaPrimeR\u00e9nov\u2019 s\u2019organise autour de deux grandes fa\u00e7ons d\u2019aborder votre projet.<\/p>\n\n\n\n<p><strong>Le parcours \u201cpar geste\u201d<\/strong> finance des travaux cibl\u00e9s, par exemple le chauffage et une partie de l\u2019isolation. Point important en 2026 : l\u2019isolation des murs n\u2019entre plus dans ce parcours, et les chaudi\u00e8res biomasse ne sont plus financ\u00e9es dans ce cadre. En pratique, cela recentre le \u201cpar geste\u201d sur des actions comme l\u2019isolation de la toiture, des fen\u00eatres, ou encore certains \u00e9quipements de chauffage et d\u2019eau chaude plus performants (pompes \u00e0 chaleur, chauffe-eau thermodynamiques, etc), selon les crit\u00e8res et montants pr\u00e9vus.&nbsp;<\/p>\n\n\n\n<p><strong>Le parcours \u201cr\u00e9novation d\u2019ampleur\u201d (parcours accompagn\u00e9) <\/strong>vise une r\u00e9novation globale avec un gain \u00e9nerg\u00e9tique minimal de deux classes. Il est con\u00e7u pour les logements les plus \u00e9nergivores (\u00e9tiquettes E, F ou G) et impose un programme de travaux coh\u00e9rent : au moins deux gestes d\u2019isolation (murs, fen\u00eatres\/menuiseries, sols ou toiture), avec une logique d\u2019ensemble. Ce parcours inclut un accompagnement obligatoire par un <strong>Accompagnateur Renov&rsquo;,<\/strong> pour s\u00e9curiser le projet.<\/p>\n\n\n\n<p>Dans le mode d\u2019emploi, on retrouve aussi des rappels pratiques : la demande doit \u00eatre d\u00e9pos\u00e9e avant le d\u00e9but des travaux, et les travaux doivent \u00eatre r\u00e9alis\u00e9s par des entreprises qualifi\u00e9es RGE.&nbsp;<\/p>\n\n\n\n<h2><span id=\"Plafonds_de_ressources_et_lecture_rapide_du_bareme\"><strong>Plafonds de ressources et lecture rapide du bar\u00e8me<\/strong><\/span><\/h2>\n\n\n\n<p>Le guide classe les m\u00e9nages en quatre cat\u00e9gories (souvent repr\u00e9sent\u00e9es par des couleurs) : tr\u00e8s modestes, modestes, interm\u00e9diaires et sup\u00e9rieurs. Ces cat\u00e9gories d\u00e9terminent l\u2019\u00e9ligibilit\u00e9 et, surtout, le niveau d\u2019aide.&nbsp;<\/p>\n\n\n\n<p>La nouveaut\u00e9 mise en avant dans l\u2019\u00e9dition de mars, c\u2019est la mise \u00e0 jour des plafonds au 1er janvier 2026, avec deux grilles : une pour l\u2019\u00cele-de-France et une pour les autres territoires. Exemple parlant pour une personne seule : hors de l&rsquo;\u00cele-de-France, on est \u00ab\u00a0tr\u00e8s modeste\u00a0\u00bb jusqu\u2019\u00e0 17 363 \u20ac, \u00ab\u00a0modeste\u00a0\u00bb jusqu\u2019\u00e0 22 259 \u20ac, \u00ab\u00a0interm\u00e9diaire\u00a0\u00bb jusqu\u2019\u00e0 31 185 \u20ac. En \u00cele-de-France, les seuils sont plus \u00e9lev\u00e9s : \u00ab\u00a0tr\u00e8s modeste\u00a0\u00bb jusqu\u2019\u00e0 24 031 \u20ac, \u00ab\u00a0modeste\u00a0\u00bb jusqu\u2019\u00e0 29 253 \u20ac, \u00ab\u00a0interm\u00e9diaire\u00a0\u00bb jusqu\u2019\u00e0 40 851 \u20ac.&nbsp;<\/p>\n\n\n\n<p>Dernier point utile \u00e0 retenir : <strong>si vous \u00eates dans la cat\u00e9gorie \u00ab\u00a0revenus sup\u00e9rieurs\u00a0\u00bb, le mode d\u2019emploi indique que vous n\u2019\u00eates pas \u00e9ligible \u00e0 MaPrimeR\u00e9nov\u2019 pour une r\u00e9novation par geste<\/strong>. En vanche, vous pouvez vous tourner vers les certificats d\u2019\u00e9conomies d\u2019\u00e9nergie (CEE), selon les r\u00e8gles de cumul.&nbsp;<\/p>\n\n\n\n<h2><span id=\"Travaux_eligibles_le_mini-guide_maison_ou_appartement_a_connaitre\"><strong>Travaux \u00e9ligibles : le mini-guide \u201cmaison ou appartement\u201d \u00e0 conna\u00eetre<\/strong><\/span><\/h2>\n\n\n\n<p>L\u2019ajout le plus p\u00e9dagogique du mode d\u2019emploi est cette <strong>partie d\u00e9di\u00e9e aux travaux \u00e9ligibles, organis\u00e9e comme un parcours logique<\/strong> : isolation, ventilation, chauffage\/eau chaude, confort d\u2019\u00e9t\u00e9, puis travaux induits. Le document rappelle au passage un principe-cl\u00e9 : pour b\u00e9n\u00e9ficier d\u2019une r\u00e9novation d\u2019ampleur, il faut r\u00e9aliser au moins deux gestes d\u2019isolation.&nbsp;<\/p>\n\n\n\n<p>Sur l\u2019isolation, le guide insiste sur le fait que c\u2019est le point de d\u00e9part d\u2019une r\u00e9novation efficace : travailler l\u2019enveloppe (toiture, murs, planchers) r\u00e9duit les pertes de chaleur. Il d\u00e9taille des exemples concrets (rampants de toiture, murs par l\u2019int\u00e9rieur, planchers bas) et montre aussi des postes comme l\u2019isolation des murs par l\u2019ext\u00e9rieur, l\u2019isolation des combles perdus ou des toitures-terrasses, ainsi que le remplacement de fen\u00eatres et la pose de volets isolants. Le document pr\u00e9cise \u00e9galement qu\u2019une partie de ces travaux est financ\u00e9e uniquement dans le cadre d\u2019une r\u00e9novation d\u2019ampleur.&nbsp;<\/p>\n\n\n\n<p>Sur la ventilation, le guide rappelle qu\u2019une maison mieux isol\u00e9e doit imp\u00e9rativement \u00eatre mieux ventil\u00e9e, pour \u00e9vacuer l\u2019humidit\u00e9 et limiter les risques de moisissures. Il explique la diff\u00e9rence entre VMC simple flux et double flux, et donne aussi une lecture simple des syst\u00e8mes autor\u00e9glables (d\u00e9bit constant) et hygror\u00e9glables (d\u00e9bit variable selon l\u2019humidit\u00e9).&nbsp;<\/p>\n\n\n\n<p>Sur le chauffage et l\u2019eau chaude, le message est clair : il n\u2019existe pas une solution unique, tout d\u00e9pend du logement, de la surface, de la r\u00e9gion et du climat. Le guide liste des options courantes (pompes \u00e0 chaleur, po\u00eales, inserts, chauffe-eau thermodynamique ou solaire, raccordement \u00e0 un r\u00e9seau de chaleur, etc) et rappelle que la r\u00e9gulation (programmation, robinets thermostatiques) fait partie des \u00e9l\u00e9ments qui peuvent compter dans un projet bien pens\u00e9.\u00a0<\/p>\n\n\n\n<p>Le mode d\u2019emploi introduit aussi le confort d\u2019\u00e9t\u00e9 (protections solaires, brasseurs d\u2019air fixes) et souligne qu\u2019un choix d\u2019isolant peut influencer la sensation de fra\u00eecheur en p\u00e9riode chaude.<\/p>\n\n\n\n<p>Enfin, il clarifie la notion de <strong>travaux induits : ce sont les travaux \u201crendus n\u00e9cessaires\u201d par la r\u00e9novation \u00e9nerg\u00e9tique<\/strong> (par exemple, d\u00e9placer des volets apr\u00e8s une isolation par l\u2019ext\u00e9rieur, reprendre des goutti\u00e8res, cr\u00e9er une trappe d\u2019acc\u00e8s aux combles, refaire de la pl\u00e2trerie\/peinture, adapter une partie de l\u2019\u00e9lectricit\u00e9 ou de la plomberie). Point \u00e0 ne pas n\u00e9gliger : ces travaux doivent appara\u00eetre sur le devis pour \u00eatre pris en compte dans le calcul du montant de travaux.<\/p>\n\n\n\n<h2><span id=\"Diagnostics_et_audits_la_base_technique_avant_de_signer_des_devis\"><strong>Diagnostics et audits : la base technique avant de signer des devis<\/strong><\/span><\/h2>\n\n\n\n<p>Pour bien choisir vos travaux (et choisir le bon parcours), il faut partir d\u2019un \u00e9tat des lieux fiable. Le mode d\u2019emploi rappelle le <strong>r\u00f4le du <a href=\"https:\/\/www.kiwidiag.com\/blog\/prix-du-dpe-etude\/\">DPE<\/a><\/strong> : conna\u00eetre l\u2019\u00e9tiquette \u00e9nerg\u00e9tique de votre logement et si besoin, d\u00e9cider de r\u00e9aliser un <a href=\"https:\/\/www.kiwidiag.com\/blog\/prix-audit-energetique\/\">audit \u00e9nerg\u00e9tique<\/a>. Il pr\u00e9cise aussi qu\u2019un diagnostiqueur peut \u00e9tablir le DPE et qu\u2019un audit \u00e9nerg\u00e9tique propose des sc\u00e9narios de travaux avec une projection du niveau de performance apr\u00e8s travaux.&nbsp;<\/p>\n\n\n\n<p>Dans le cadre de la r\u00e9novation d\u2019ampleur, les textes d\u2019information grand public rappellent qu\u2019un <strong>audit \u00e9nerg\u00e9tique est attendu pour justifier le classement et le gain obtenu<\/strong>, avec des exigences sur la qualification des professionnels. C\u2019est un point central : sans ce socle technique, on peut \u201cd\u00e9penser beaucoup\u201d sans obtenir le saut de classe \u00e9nerg\u00e9tique vis\u00e9, donc sans s\u00e9curiser l\u2019aide et le r\u00e9sultat final.&nbsp;<\/p>\n\n\n\n<p>Enfin, pour les propri\u00e9taires bailleurs, la logique est double : am\u00e9liorer le confort des locataires et la valeur du bien, tout en anticipant le <a href=\"https:\/\/www.kiwidiag.com\/blog\/interdiction-location-passoires-thermiques\/\">calendrier<\/a> de mont\u00e9e en exigence sur les logements \u00e9nergivores mis en location. Le mode d\u2019emploi rappelle aussi des engagements sp\u00e9cifiques c\u00f4t\u00e9 bailleur (information du locataire, r\u00e8gles autour du loyer, engagement de location sur une dur\u00e9e minimale).&nbsp;<\/p>\n","protected":false},"excerpt":{"rendered":"<p> &hellip;<\/p>\n<p class=\"read-more\"> <a class=\"\" href=\"https:\/\/www.kiwidiag.com\/blog\/maprimerenov-mode-demploi-de-mars-2026\/\"> <span class=\"screen-reader-text\">MaPrimeR\u00e9nov\u2019 : le mode d\u2019emploi de mars 2026 d\u00e9cortiqu\u00e9<\/span> Voir l&rsquo;article<\/a><\/p>\n","protected":false},"author":1,"featured_media":2600,"comment_status":"open","ping_status":"open","sticky":false,"template":"","format":"standard","meta":{"_uag_custom_page_level_css":"","site-sidebar-layout":"default","site-content-layout":"","ast-site-content-layout":"default","site-content-style":"default","site-sidebar-style":"default","ast-global-header-display":"","ast-banner-title-visibility":"","ast-main-header-display":"","ast-hfb-above-header-display":"","ast-hfb-below-header-display":"","ast-hfb-mobile-header-display":"","site-post-title":"","ast-breadcrumbs-content":"","ast-featured-img":"","footer-sml-layout":"","theme-transparent-header-meta":"","adv-header-id-meta":"","stick-header-meta":"","header-above-stick-meta":"","header-main-stick-meta":"","header-below-stick-meta":"","astra-migrate-meta-layouts":"set"},"categories":[14,29],"tags":[],"uagb_featured_image_src":{"full":["https:\/\/www.kiwidiag.com\/blog\/wp-content\/uploads\/2026\/03\/modeemploimprmars2026.jpg",691,461,false],"thumbnail":["https:\/\/www.kiwidiag.com\/blog\/wp-content\/uploads\/2026\/03\/modeemploimprmars2026-150x150.jpg",150,150,true],"medium":["https:\/\/www.kiwidiag.com\/blog\/wp-content\/uploads\/2026\/03\/modeemploimprmars2026-300x200.jpg",300,200,true],"medium_large":["https:\/\/www.kiwidiag.com\/blog\/wp-content\/uploads\/2026\/03\/modeemploimprmars2026.jpg",691,461,false],"large":["https:\/\/www.kiwidiag.com\/blog\/wp-content\/uploads\/2026\/03\/modeemploimprmars2026.jpg",691,461,false],"1536x1536":["https:\/\/www.kiwidiag.com\/blog\/wp-content\/uploads\/2026\/03\/modeemploimprmars2026.jpg",691,461,false],"2048x2048":["https:\/\/www.kiwidiag.com\/blog\/wp-content\/uploads\/2026\/03\/modeemploimprmars2026.jpg",691,461,false]},"uagb_author_info":{"display_name":"kiwidiag","author_link":"https:\/\/www.kiwidiag.com\/blog\/author\/kiwidiag\/"},"uagb_comment_info":4,"uagb_excerpt":"&hellip; MaPrimeR\u00e9nov\u2019 : le mode d\u2019emploi de mars 2026 d\u00e9cortiqu\u00e9 Voir l'article","_links":{"self":[{"href":"https:\/\/www.kiwidiag.com\/blog\/wp-json\/wp\/v2\/posts\/2597"}],"collection":[{"href":"https:\/\/www.kiwidiag.com\/blog\/wp-json\/wp\/v2\/posts"}],"about":[{"href":"https:\/\/www.kiwidiag.com\/blog\/wp-json\/wp\/v2\/types\/post"}],"author":[{"embeddable":true,"href":"https:\/\/www.kiwidiag.com\/blog\/wp-json\/wp\/v2\/users\/1"}],"replies":[{"embeddable":true,"href":"https:\/\/www.kiwidiag.com\/blog\/wp-json\/wp\/v2\/comments?post=2597"}],"version-history":[{"count":4,"href":"https:\/\/www.kiwidiag.com\/blog\/wp-json\/wp\/v2\/posts\/2597\/revisions"}],"predecessor-version":[{"id":2602,"href":"https:\/\/www.kiwidiag.com\/blog\/wp-json\/wp\/v2\/posts\/2597\/revisions\/2602"}],"wp:featuredmedia":[{"embeddable":true,"href":"https:\/\/www.kiwidiag.com\/blog\/wp-json\/wp\/v2\/media\/2600"}],"wp:attachment":[{"href":"https:\/\/www.kiwidiag.com\/blog\/wp-json\/wp\/v2\/media?parent=2597"}],"wp:term":[{"taxonomy":"category","embeddable":true,"href":"https:\/\/www.kiwidiag.com\/blog\/wp-json\/wp\/v2\/categories?post=2597"},{"taxonomy":"post_tag","embeddable":true,"href":"https:\/\/www.kiwidiag.com\/blog\/wp-json\/wp\/v2\/tags?post=2597"}],"curies":[{"name":"wp","href":"https:\/\/api.w.org\/{rel}","templated":true}]}}